{"id":388,"date":"2012-05-15T11:31:27","date_gmt":"2012-05-15T11:31:27","guid":{"rendered":"http:\/\/www.wow-media.com\/?p=388"},"modified":"2013-11-15T08:26:51","modified_gmt":"2013-11-15T08:26:51","slug":"seehofers-wutwelle-vom-web-in-die-mainstream-medien","status":"publish","type":"post","link":"http:\/\/www.wow-media.com\/?p=388","title":{"rendered":"Seehofers Wutwelle &#8211; vom TV ins Web und zur\u00fcck"},"content":{"rendered":"<p>Tach zusammen,<\/p>\n<p>wollte nur mal eben dokumentieren, welche Auswirkungen Inhalte haben k\u00f6nnen, die im klassischen Format Fernsehen gesendet werden und Reaktionen ausl\u00f6sen, die dann zur\u00fcck in die klassischen Medien gesp\u00fclt werden k\u00f6nnen. Im konkreten Fall hatte sich Klaus Kleber nach der Aufzeichnung eines Interviews mit CSU-Chef Seehofer noch ein Anschlussgespr\u00e4ch geleistet. Das gipfelte in scharfen Attacken gegen CDU-Minister R\u00f6ttgen. Am Ende der etwa 9-min\u00fctigen Aufzeichnung sagte Seehofer: &#8222;Das k\u00f6nnen Sie alles senden.&#8220; &#8211; &#8222;Wir nehmen Sie beim Wort&#8220;, antwortete Kleber. Und schlie\u00dflich landete nahezu das gesamte Gespr\u00e4ch am 14. Mai 2012 im heute journal.<\/p>\n<p>(Nachtrag: Das entsprechende Video wurde inzwischen aus der ZDF-Mediathek entfernt. 14\/11\/2013)<\/p>\n<p>Zun\u00e4chst wurde das offizielle Interview im ZDF ausgestrahlt und im Anschluss ein Teil des Nachgespr\u00e4chs gesendet. Mit dem Verweis, die komplette Aufzeichnung im Portal <a title=\"heute journal plus\" href=\"http:\/\/heutejournalplus.zdf.de\/\" target=\"_blank\">heute journal plus<\/a> oder auf <a href=\"http:\/\/www.heute.de\/\" target=\"_blank\">heute.de<\/a> ansehen zu k\u00f6nnen. Tolles Fernsehen. Innerhalb weniger Stunden zog das Video heute seine Runden im Netz.<!--more--><\/p>\n<p>Von der <a title=\"ZDF heute bei Facebook\" href=\"http:\/\/www.facebook.com\/ZDFheute\" target=\"_blank\">Facebook-Seite von ZDF heute<\/a> wurde das Video binnen weniger Stunden mehr als 130 Mal geteilt. Rekord f\u00fcr die Facebook-Seite &#8211; im Regelfall werden Meldung dort bis zu ein Dutzend mal geteilt &#8211; sehr oft noch seltener. Auch beim ZDF Morgenmagazin war man offenbar \u00fcberrascht von der gro\u00dfen Anzahl der Reaktionen und brachte diese in der Netzschau gesammelt zur Auff\u00fchrung: <a href=\"http:\/\/www.heute.de\/ZDF\/zdfportal\/web\/heute-Nachrichten\/4672\/22558826\/6ca64c\/Holla-die-Waldfee-Seehofer-begeistert-das-Netz.html\">Seehofer begeistert das Netz<\/a> <\/p>\n<p>Tags\u00fcber sammelten sich dann auch in den anderen Medien die Kommentare zu den Einlassungen Seehofers -u.a. auf spiegel.de <a title=\"Spiegel zu Seehofer-Kritik\" href=\"http:\/\/www.spiegel.de\/politik\/deutschland\/seehofers-kritik-an-roettgen-im-zdf-empoert-cdu-a-833247.html\" target=\"_blank\">&#8222;Machen&#8217;S a Sondersendung, Servus&#8220;<\/a> und der Bild-Zeitung <a title=\"Bild zur Seehofer-Kritik\" href=\"http:\/\/www.bild.de\/politik\/inland\/horst-seehofer\/frust-ueber-nrw-wahl-und-roettgen-24156550.bild.html\" target=\"_blank\">&#8222;Das k\u00f6nnen Sie alles senden!&#8220;<\/a>.<\/p>\n<p>Und was sagen die Menschen dazu?<\/p>\n<p>Reaktionen bei Twitter findet Ihr hier: <a title=\"Twitter-Suche\" href=\"https:\/\/twitter.com\/#!\/search\/%23seehofer%20%23zdf\" target=\"_blank\">#seehofer #zdf<\/a><\/p>\n<p>Und was f\u00e4llt noch auf?<br \/>\n&#8211; Seehofers Facebookseite spricht inzwischen von Fans statt W\u00e4hlern&#8230;<br \/>\n&#8211; Eigentlich glauben doch alle, dass das <a href=\"http:\/\/www.media-advice-blog.de\/post\/Eiskalte-PR-Strategie-oder-Zufall2\" target=\"_blank\">kein Zufall<\/a> war, oder&#8230;.<br \/>\n&#8211; Allein Seehofers Facebookparty hat ihm <a href=\"http:\/\/www.facebook.com\/HorstSeehofer\/likes\" target=\"_blank\">mehrere tausend Fans<\/a> geliefert&#8230;<br \/>\n&#8211; Vor dem anstehenden Wahlkampf in Bayern werden alle Kan\u00e4le getestet, oder&#8230;<\/p>\n<div class=\"fb-like\" data-href=\"http:\/\/www.wow-media.com\/?p=388\" data-layout=\"standard\" data-action=\"like\" data-show-faces=\"true\" data-share=\"true\"><\/div>\n","protected":false},"excerpt":{"rendered":"<p>Tach zusammen, wollte nur mal eben dokumentieren, welche Auswirkungen Inhalte haben k\u00f6nnen, die im klassischen Format Fernsehen gesendet werden und Reaktionen ausl\u00f6sen, die dann zur\u00fcck in die klassischen Medien gesp\u00fclt werden k\u00f6nnen. Im konkreten Fall hatte sich Klaus Kleber nach &hellip; <a href=\"http:\/\/www.wow-media.com\/?p=388\">Weiterlesen <span class=\"meta-nav\">&rarr;<\/span><\/a><\/p>\n","protected":false},"author":1,"featured_media":0,"comment_status":"open","ping_status":"open","sticky":false,"template":"","format":"standard","meta":{"ngg_post_thumbnail":0},"categories":[46],"tags":[54,49,51,55],"_links":{"self":[{"href":"http:\/\/www.wow-media.com\/index.php?rest_route=\/wp\/v2\/posts\/388"}],"collection":[{"href":"http:\/\/www.wow-media.com\/index.php?rest_route=\/wp\/v2\/posts"}],"about":[{"href":"http:\/\/www.wow-media.com\/index.php?rest_route=\/wp\/v2\/types\/post"}],"author":[{"embeddable":true,"href":"http:\/\/www.wow-media.com\/index.php?rest_route=\/wp\/v2\/users\/1"}],"replies":[{"embeddable":true,"href":"http:\/\/www.wow-media.com\/index.php?rest_route=%2Fwp%2Fv2%2Fcomments&post=388"}],"version-history":[{"count":17,"href":"http:\/\/www.wow-media.com\/index.php?rest_route=\/wp\/v2\/posts\/388\/revisions"}],"predecessor-version":[{"id":463,"href":"http:\/\/www.wow-media.com\/index.php?rest_route=\/wp\/v2\/posts\/388\/revisions\/463"}],"wp:attachment":[{"href":"http:\/\/www.wow-media.com\/index.php?rest_route=%2Fwp%2Fv2%2Fmedia&parent=388"}],"wp:term":[{"taxonomy":"category","embeddable":true,"href":"http:\/\/www.wow-media.com\/index.php?rest_route=%2Fwp%2Fv2%2Fcategories&post=388"},{"taxonomy":"post_tag","embeddable":true,"href":"http:\/\/www.wow-media.com\/index.php?rest_route=%2Fwp%2Fv2%2Ftags&post=388"}],"curies":[{"name":"wp","href":"https:\/\/api.w.org\/{rel}","templated":true}]}}