{"id":249,"date":"2011-06-30T17:10:53","date_gmt":"2011-06-30T17:10:53","guid":{"rendered":"http:\/\/www.wow-media.com\/?p=249"},"modified":"2012-05-14T12:00:59","modified_gmt":"2012-05-14T12:00:59","slug":"studie-social-media-inhalte-vor-allem-im-zdf","status":"publish","type":"post","link":"http:\/\/www.wow-media.com\/?p=249","title":{"rendered":"Studie: Social-Media-Inhalte vor allem im ZDF"},"content":{"rendered":"<p>Das Medienforschungsinstitut <a title=\"Homepage: Media Tenor International\" href=\"http:\/\/www.mediatenor.com\/index.php\">Media Tenor International<\/a> hat eine neue Auswertung zu den Inhalten der Nachrichtensendungen von ARD und ZDF ver\u00f6ffentlicht: Schwerpunkt war dieses Mal die Verwertung von Inhalten aus den sozialen Netzwerken seit Jahresbeginn.<\/p>\n<p><a href=\"http:\/\/www.wow-media.com\/wp-content\/uploads\/2011\/06\/MediaTenor2011.jpg\"><img loading=\"lazy\" class=\"alignleft size-medium wp-image-254\" title=\"Sreenshot aus der Studie von Media Tenor\" src=\"http:\/\/www.wow-media.com\/wp-content\/uploads\/2011\/06\/MediaTenor2011-300x159.jpg\" alt=\"Sreenshot aus der Studie von Media Tenor\" width=\"300\" height=\"159\" srcset=\"http:\/\/www.wow-media.com\/wp-content\/uploads\/2011\/06\/MediaTenor2011-300x159.jpg 300w, http:\/\/www.wow-media.com\/wp-content\/uploads\/2011\/06\/MediaTenor2011.jpg 1024w\" sizes=\"(max-width: 300px) 100vw, 300px\" \/><\/a>Ein Ergebnis der Untersuchung lautet: <strong>Die Nachrichtenformate von ARD und ZDF verweisen immer h\u00e4ufiger auf Social-Media-Inhalte als Quelle ihrer Informationen. <\/strong>Dabei greift den Ergebnissen zufolge insbesondere das ZDF in seiner Nachrichten-Berichterstattung intensiv auf YouTube-Bilder und -Videos zur\u00fcck.<\/p>\n<p>Die Ergebnisse der Studie findet Ihr hier als .pdf: <a title=\"Social Media: Gefragte Quelle im ZDF\" href=\"https:\/\/freemailng0208.web.de\/jump.htm?goto=http%3A%2F%2Fwww.mediatenor.de%2Fdownload_nl.php%3Fdownload%3DTV_Social%20Media_Einfluss.pdf\"><br \/>\nSocial Media: Gefragte Quelle im ZDF<\/a><\/p>\n<p>Wie bereits berichtet (<a title=\"Social-Media-Redakteure bei der ARD\" href=\"http:\/\/www.wow-media.com\/?p=212\">13. Juni <\/a>\/ <a title=\"Syrien: Verl\u00e4ssliche Nachrichten?\" href=\"http:\/\/www.wow-media.com\/?p=231\">16. Juni 2011<\/a>) unternimmt derzeit die ARD besondere personelle Anstrengungen, um die sozialen Netzwerke als Nachrichtenquellen verst\u00e4rkt zu erschlie\u00dfen. Im Zwei-Schichtbetrieb \u00fcberwachen bei ARD-aktuell sogenannte Social-Media-Redakteure die Netzwerke im World Wide Web. In der Studie von Media Tenor hat sich das aber (noch) nicht niedergeschlagen: Wenngleich auch in den ARD-Nachrichten zunehmend Inhalte aus den sozialen Netzwerken pr\u00e4sentiert werden, &#8222;gehen die ARD-Nachrichten (im Vergleich zum ZDF, Anmerk. d. Autors) deutlich zur\u00fcckhaltender mit diesen Quellen um\u201c, sagt Roland Schatz, Gr\u00fcnder und Chefredakteur von Media Tenor International.<\/p>\n<h2>Media Tenor kritisiert ZDF-Nachrichten<\/h2>\n<p>Was ist laut Media Tenor von diesen Ergebnissen zu halten? Roland Schatz kritisiert die zunehmende Verwendung von Material aus den sozialen Netzwerken in den Nachrichten des ZDF: \u201eVor einem Millionenpublikum bietet das ZDF diesen Kan\u00e4len kostenlose Werbung\u201c, erl\u00e4utert Schatz. \u201eAuf der anderen Seite strahlt der Sender zur sp\u00e4ten Abendzeit dann Dokumentationen aus, in denen vor dem Netzwerk in Zusammenhang mit dem Verweis auf Datenschutzverst\u00f6\u00dfe gewarnt wird. Das passt nicht ganz zusammen.\u201c<\/p>\n<h2>Methodisch sauber?<\/h2>\n<p>Der Autor fragt sich, ob die nun ver\u00f6ffentlichten Ergebnisse methodisch sauber zustande gekommen sind. Das ver\u00f6ffentlichte sechsseitige Dokument l\u00e4sst keine zufriedenstellenden R\u00fcckschl\u00fcsse zu. Hier einige Kritikpunkte:<!--more--><\/p>\n<p>1.Wie kommt die Aussage &#8222;immer h\u00e4ufiger&#8220; zustande? Die Studie pr\u00e4sentiert lediglich gesammelte Ergebnisse aus dem Zeitraum Januar bis Juni 2011. F\u00fcr eine vergleichende Aussage wie &#8222;immer h\u00e4ufiger&#8220; sind zwingend mindestens zwei Vergleichszahlen aus Vergleichszeitr\u00e4umen notwendig. Diese k\u00f6nnten vorliegen &#8211; in die Auswertung eingebunden wurden sie aber nicht.<\/p>\n<p>2. Wie kommt die Aussage &#8222;ZDF-Nachrichten haben gro\u00dfes Vertrauen in YouTube&#8220; zustande? Ein m\u00f6glicher Grund: interne Regeln zur Quellenbezeichnung. Das ZDF insertiert bei der Verwendung von Videos aus dem World Wide Web \u00fcberwiegend mit der Kennzeichnung: &#8222;Quelle: YouTube&#8220;. Leichtes Spiel also f\u00fcr die Kodierer. Die ARD dagegen hat sich zuletzt auf die Formulierung &#8222;Video via Internet&#8220; verst\u00e4ndigt, da YouTube lediglich ein \u00dcbertragungsweg &#8211; nicht aber eine ordin\u00e4re Quelle sein kann. In diesem Zusammenhang w\u00e4re eine Pr\u00fcfung des Kodierbuchs sinnvoll.<\/p>\n<p>3. Wie kommt die Aussage &#8222;Social Media laufen Qualit\u00e4tsmedien den Rang ab&#8220; zustande? Hier werden Quellen f\u00fcr Bildmaterial (etwa Videos aus dem Internet) mit Quellen f\u00fcr Nachrichten (Rechercheergebnisse aus Print-Redaktionen) gleichgesetzt. Das ist in meinen Augen nicht nur methodisch unvern\u00fcnftig sondern inhaltlich unsinnig. Denn Videos aus dem Internet werden in der Regel verbal eingeordnet (z.B. nicht unabh\u00e4ngig \u00fcberpr\u00fcfbar) und mit Inhalten erg\u00e4nzt, die im Gegensatz zu den Bildern eben doch journalistisch \u00fcberpr\u00fcfbar waren. Diese Gemengelage macht eine pauschale Aussage wie &#8222;laufen den Rang ab&#8220; wissenschaftlich gesehen unzul\u00e4ssig.<\/p>\n<p>Ich frage mal an, ob ich das Kodierbuch der Untersuchung bez\u00fcglich der sozialen Medien einsehen darf. Eine entsprechende Erg\u00e4nzung w\u00fcrde ich dann nachreichen.<\/p>\n<p><strong>Umfrage-Fakten: <\/strong><\/p>\n<p>Media Tenor hat f\u00fcr die genannte Studie eigenen Angaben zufolge insgesamt 11.899 Zitate in 41 Meinungsf\u00fchrer-Medien zwischen dem 1. Januar und 13. Juni 2011 ausgewertet. Alle Artikel und TV-Beitr\u00e4ge wurden von professionellen Analysten untersucht und ausgewertet. Die durchschnittliche Inter-Codier-Reliabilit\u00e4t (\u00dcbereinstimmung von Auswertungen identischer Beitr\u00e4ge durch unterschiedliche Codierer) betrug im II. Quartal 2011 88,7 Prozent.<\/p>\n<p><span style=\"text-decoration: underline;\"><strong>NACHTRAG am 19. August 2011: <\/strong><\/span><\/p>\n<p><span style=\"text-decoration: underline;\"><strong>Auf meine Anfrage nach dem Kodierbuch hat niemand geantwortet. Schade.<\/strong><\/span><\/p>\n","protected":false},"excerpt":{"rendered":"<p>Das Medienforschungsinstitut Media Tenor International hat eine neue Auswertung zu den Inhalten der Nachrichtensendungen von ARD und ZDF ver\u00f6ffentlicht: Schwerpunkt war dieses Mal die Verwertung von Inhalten aus den sozialen Netzwerken seit Jahresbeginn. Ein Ergebnis der Untersuchung lautet: Die Nachrichtenformate &hellip; <a href=\"http:\/\/www.wow-media.com\/?p=249\">Weiterlesen <span class=\"meta-nav\">&rarr;<\/span><\/a><\/p>\n","protected":false},"author":1,"featured_media":0,"comment_status":"closed","ping_status":"open","sticky":false,"template":"","format":"standard","meta":{"ngg_post_thumbnail":0},"categories":[46],"tags":[54,57,55],"_links":{"self":[{"href":"http:\/\/www.wow-media.com\/index.php?rest_route=\/wp\/v2\/posts\/249"}],"collection":[{"href":"http:\/\/www.wow-media.com\/index.php?rest_route=\/wp\/v2\/posts"}],"about":[{"href":"http:\/\/www.wow-media.com\/index.php?rest_route=\/wp\/v2\/types\/post"}],"author":[{"embeddable":true,"href":"http:\/\/www.wow-media.com\/index.php?rest_route=\/wp\/v2\/users\/1"}],"replies":[{"embeddable":true,"href":"http:\/\/www.wow-media.com\/index.php?rest_route=%2Fwp%2Fv2%2Fcomments&post=249"}],"version-history":[{"count":16,"href":"http:\/\/www.wow-media.com\/index.php?rest_route=\/wp\/v2\/posts\/249\/revisions"}],"predecessor-version":[{"id":261,"href":"http:\/\/www.wow-media.com\/index.php?rest_route=\/wp\/v2\/posts\/249\/revisions\/261"}],"wp:attachment":[{"href":"http:\/\/www.wow-media.com\/index.php?rest_route=%2Fwp%2Fv2%2Fmedia&parent=249"}],"wp:term":[{"taxonomy":"category","embeddable":true,"href":"http:\/\/www.wow-media.com\/index.php?rest_route=%2Fwp%2Fv2%2Fcategories&post=249"},{"taxonomy":"post_tag","embeddable":true,"href":"http:\/\/www.wow-media.com\/index.php?rest_route=%2Fwp%2Fv2%2Ftags&post=249"}],"curies":[{"name":"wp","href":"https:\/\/api.w.org\/{rel}","templated":true}]}}