{"id":212,"date":"2011-06-13T17:02:03","date_gmt":"2011-06-13T17:02:03","guid":{"rendered":"http:\/\/www.wow-media.com\/?p=212"},"modified":"2012-05-14T12:02:33","modified_gmt":"2012-05-14T12:02:33","slug":"social-media-redakteure-bei-der-ard","status":"publish","type":"post","link":"http:\/\/www.wow-media.com\/?p=212","title":{"rendered":"Social-Media-Redakteure bei der ARD"},"content":{"rendered":"<p>Habt Ihr schon gewusst? In der Redaktion von ARD-aktuell arbeiten seit wenigen Wochen sogenannte Social-Media-Redakteure. Was tun die? Um diese Frage zu beantworten hat eine Kollegin des Journalist&#8216;, <a title=\"Website &quot;Der Journalist&quot;\" href=\"http:\/\/www.journalist.de\/\">dem Medienmagazin des Deutschen Journalistenverbandes<\/a>, die Redaktion von tagesschau.de, der Tagesschau und der Magazinsendungen von ARD-aktuell in Hamburg besucht.<\/p>\n<p>Im internationalen Vergleich ist die ARD-Nachrichtenredaktion mit der Einf\u00fchrung dieser Redaktionsposten dem Bericht zufolge sp\u00e4t dran &#8211; im innerdeutschen Vergleich aber ist die ARD Vorreiter. Dementsprechend positiv klingt der Tenor des Artikels.<\/p>\n<p>Den durchaus lesenswerten Text von Svenja Siegert (<a href=\"http:\/\/twitter.com\/#!\/ssvenjaa\">@ssvenjaa<\/a> \/ <a href=\"http:\/\/de-de.facebook.com\/people\/Svenja-Siegert\/100000110294083\">@facebook<\/a>) \u00fcber die Arbeit der Social-Media-Redakteure findet Ihr hier: <a title=\"Social Media - Revolution!\" href=\"http:\/\/www.journalist.de\/aktuelles\/meldungen\/revolution-tagesschau-ard-und-social-media.html\">Social Media &#8211; Revolution! <\/a><\/p>\n<p>Einige Zitate aus d<a href=\"http:\/\/www.wow-media.com\/wp-content\/uploads\/2011\/06\/facebook.jpg\"><img loading=\"lazy\" class=\"alignleft size-medium wp-image-217\" title=\"facebook-Seite der Tagesschau\" src=\"http:\/\/www.wow-media.com\/wp-content\/uploads\/2011\/06\/facebook-300x168.jpg\" alt=\"facebook-Seite der Tagesschau\" width=\"300\" height=\"168\" srcset=\"http:\/\/www.wow-media.com\/wp-content\/uploads\/2011\/06\/facebook-300x168.jpg 300w, http:\/\/www.wow-media.com\/wp-content\/uploads\/2011\/06\/facebook.jpg 1024w\" sizes=\"(max-width: 300px) 100vw, 300px\" \/><\/a>em Beitrag:<\/p>\n<p><em>&#8222;Der Zuschauer wartet nicht mehr, bis wir mit dem Zw\u00f6lftonner vom Hof gefahren sind&#8220;<\/em><\/p>\n<p>Thomas Hinrichs, Chefredakteur ARD-aktuell<br \/>\n<!--more--><\/p>\n<p>&#8222;Im englischsprachigen Raum nennen sie das, was die Abteilung von Wegener nun zus\u00e4tzlich tut, Citizen Journalism. Die britische BBC startete bereits vor sechs Jahren \u2013 kurz vor den Anschl\u00e4gen auf die Londoner U-Bahn \u2013 The Hub. Inzwischen k\u00fcmmern sich rund 20 Redakteure nicht nur um die 8.000 bis 10.000 E-Mails, Videos und Bilder, die Menschen der BBC t\u00e4glich schicken, sondern werten auch das Material aus dem Web aus.&#8220;<\/p>\n<p><em>&#8222;Unsere Aufgabe wird sein, eine Community zu schaffen, die uns folgt, uns f\u00fcr relevant h\u00e4lt, die wir mit Informationen versorgen und die uns dann zur\u00fcckf\u00fcttert.&#8220;<\/em><\/p>\n<p>Michael Wegener, Head of Content Center, ARD-aktuell<\/p>\n<p><span style=\"text-decoration: underline;\"><strong>Lesenswerte Erg\u00e4nzung: <\/strong><\/span><\/p>\n<p>Beim St\u00f6bern im World Wide Web nach der Lekt\u00fcre des obigen Artikels habe ich folgende Seite entdeckt: <a href=\"http:\/\/t3n.de\/news\/\">http:\/\/t3n.de\/news\/<\/a><\/p>\n<p>Hier finden sich f\u00fcr die Netzcommunity spannende und relevante Beitr\u00e4ge &#8211; mal ernst und mal zum schmunzeln. Mit Begeisterung habe ich den Beitrag &#8222;Realsatire pur: Der Social-Media-Elite-Club&#8220; gelesen. <a href=\"http:\/\/t3n.de\/news\/social-media-elite-club-314503\/\">Den findet Ihr hier<\/a>.<\/p>\n<p><em>Mein Lieblingszitat aus dem Text von Jan Ti\u00dfler:<\/em><\/p>\n<p><em>&#8222;Eines aber habe ich aus dem Video wenigstens gelernt: Wie man Social Media richtig ausspricht. &#8218;So\u00dfschl Miedia&#8216;.&#8220;<\/em><\/p>\n<p><em>Auch gut fand ich \u00fcbrigens den Text mit der \u00dcberschrift: &#8222;W<\/em>arum Social Media Experten komplett \u00fcberfl\u00fcssig sind&#8220; <a href=\"http:\/\/t3n.de\/news\/social-media-experten-komplett-uberflussig-311934\/\">Den Artikel findet Ihr hier<\/a>.\u00a0 Falk Hedemann setzt sich in dem Text mit der Aussage von Peter Shankman auseinander. Der behauptet: Niemand braucht einen Social-Media-Redakteur. Die Gr\u00fcnde die Shankman auff\u00fchrt sind vielf\u00e4ltig und zum Teil einleuchtend. Unter anderem: Social Media f\u00fcr sich allein generiert keine Gewinne.<\/p>\n<p>Falk Hedemann kommentiert wie folgt: &#8222;Der Hype um Social Media war in den letzten Monaten wie eine \u00dcberschussreaktion, die das eigentliche Ziel aus den Augen verloren hat und sich jetzt langsam auf ein gesundes Ma\u00df einpendelt. Und das ist auch gut so, denn Social Media Aktivit\u00e4ten sind beileibe nicht kostenlos, zumindest wenn sie gut gemacht sein sollen.&#8220;<\/p>\n","protected":false},"excerpt":{"rendered":"<p>Habt Ihr schon gewusst? In der Redaktion von ARD-aktuell arbeiten seit wenigen Wochen sogenannte Social-Media-Redakteure. Was tun die? Um diese Frage zu beantworten hat eine Kollegin des Journalist&#8216;, dem Medienmagazin des Deutschen Journalistenverbandes, die Redaktion von tagesschau.de, der Tagesschau und &hellip; <a href=\"http:\/\/www.wow-media.com\/?p=212\">Weiterlesen <span class=\"meta-nav\">&rarr;<\/span><\/a><\/p>\n","protected":false},"author":1,"featured_media":0,"comment_status":"closed","ping_status":"open","sticky":false,"template":"","format":"standard","meta":{"ngg_post_thumbnail":0},"categories":[46],"tags":[54],"_links":{"self":[{"href":"http:\/\/www.wow-media.com\/index.php?rest_route=\/wp\/v2\/posts\/212"}],"collection":[{"href":"http:\/\/www.wow-media.com\/index.php?rest_route=\/wp\/v2\/posts"}],"about":[{"href":"http:\/\/www.wow-media.com\/index.php?rest_route=\/wp\/v2\/types\/post"}],"author":[{"embeddable":true,"href":"http:\/\/www.wow-media.com\/index.php?rest_route=\/wp\/v2\/users\/1"}],"replies":[{"embeddable":true,"href":"http:\/\/www.wow-media.com\/index.php?rest_route=%2Fwp%2Fv2%2Fcomments&post=212"}],"version-history":[{"count":18,"href":"http:\/\/www.wow-media.com\/index.php?rest_route=\/wp\/v2\/posts\/212\/revisions"}],"predecessor-version":[{"id":352,"href":"http:\/\/www.wow-media.com\/index.php?rest_route=\/wp\/v2\/posts\/212\/revisions\/352"}],"wp:attachment":[{"href":"http:\/\/www.wow-media.com\/index.php?rest_route=%2Fwp%2Fv2%2Fmedia&parent=212"}],"wp:term":[{"taxonomy":"category","embeddable":true,"href":"http:\/\/www.wow-media.com\/index.php?rest_route=%2Fwp%2Fv2%2Fcategories&post=212"},{"taxonomy":"post_tag","embeddable":true,"href":"http:\/\/www.wow-media.com\/index.php?rest_route=%2Fwp%2Fv2%2Ftags&post=212"}],"curies":[{"name":"wp","href":"https:\/\/api.w.org\/{rel}","templated":true}]}}